{"id":2140,"date":"2022-02-28T14:50:02","date_gmt":"2022-02-28T13:50:02","guid":{"rendered":"https:\/\/weareable.ngo\/non-classifiee\/we-are-able-are-you-able-too\/"},"modified":"2022-03-09T12:19:54","modified_gmt":"2022-03-09T11:19:54","slug":"we-are-able-are-you-able-too","status":"publish","type":"post","link":"https:\/\/weareable.ngo\/fr\/nouvelles\/we-are-able-are-you-able-too\/","title":{"rendered":"We are Able! Are YOU able too?"},"content":{"rendered":"\n<p>Regardez l&rsquo;enregistrement de l&rsquo;\u00e9v\u00e9nement ici: <a href=\"https:\/\/bit.ly\/3IWhaZD\">https:\/\/bit.ly\/3IWhaZD<\/a><\/p>\n\n\n\n<p>Le deuxi\u00e8me Sommet mondial des personnes handicap\u00e9es, organis\u00e9 conjointement par l&rsquo;Alliance internationale pour les personnes en situation de handicap, le gouvernement de la Norv\u00e8ge et le gouvernement du Ghana, s&rsquo;est d\u00e9roul\u00e9 virtuellement du 16 au 17 f\u00e9vrier 2022. De la sensibilisation mondiale au renforcement des capacit\u00e9s des organisations de personnes en situation de handicap, en passant par la mobilisation et le ciblage d&rsquo;engagements concrets en mati\u00e8re d&rsquo;inclusion du handicap et de d\u00e9veloppement inclusif, et la pr\u00e9sentation des meilleures pratiques et des preuves du monde entier en mati\u00e8re de d\u00e9veloppement inclusif du handicap, le Sommet mondial du handicap 2022 s&rsquo;est av\u00e9r\u00e9 essentiel pour obtenir de r\u00e9els changements pour les personnes en situation de handicap.<\/p>\n\n\n\n<p>Au cours du Sommet mondial des personnes handicap\u00e9es 2022, un \u00e9v\u00e9nement parall\u00e8le a \u00e9t\u00e9 organis\u00e9 le 17 f\u00e9vrier 2022 de 10h00 \u00e0 11h15 CET, intitul\u00e9 \u00ab\u00a0We are Able ! Are YOU able too ? &#8211; Co-cr\u00e9er une gouvernance inclusive pour un acc\u00e8s aux ressources de base qui ne laisse personne de c\u00f4t\u00e9.\u00a0\u00bb Cet \u00e9v\u00e9nement parall\u00e8le a \u00e9t\u00e9 organis\u00e9 conjointement par le projet We are Able ! et le Forum Africain des Personnes Handicap\u00e9es (FAD), une organisation continentale qui cherche \u00e0 renforcer et \u00e0 unifier les voix repr\u00e9sentatives des africains en situation de handicap, de leurs familles et de leurs organisations. Le programme We are Able ! financ\u00e9 par le Minist\u00e8re n\u00e9erlandais des Affaires \u00e9trang\u00e8res dans le cadre des partenariats Power of Voices pour le renforcement de la soci\u00e9t\u00e9 civile, est un programme de cinq ans qui aide les personnes en situation de handicap \u00e0 occuper une place durable et \u00e0 part enti\u00e8re dans leur communaut\u00e9, afin qu&rsquo;elles b\u00e9n\u00e9ficient d&rsquo;une plus grande s\u00e9curit\u00e9 alimentaire. Le projet est pr\u00e9vu pour durer de 2021 \u00e0 2026. Le programme WaA ! op\u00e8re en R\u00e9publique D\u00e9mocratique du Congo, en \u00c9thiopie, au Burundi, au Soudan du Sud, au Soudan et en Ouganda.<\/p>\n\n\n\n<p>Dans le cadre de ce webinaire, les pan\u00e9listes du Forum africain des personnes handicap\u00e9es, de l&rsquo;Union Nationale des Personnes Handicap\u00e9es de l&rsquo;Ouganda (NUDIPU), de l&rsquo;Autorit\u00e9 sanitaire provinciale du Sud-Kivu de la RDC, du Programme alimentaire mondial des Nations Unies et du Minist\u00e8re n\u00e9erlandais des Affaires \u00e9trang\u00e8res ont partag\u00e9 quelques points forts : la conception d&rsquo;une approche bas\u00e9e sur les droits pour une s\u00e9curit\u00e9 alimentaire inclusive, les d\u00e9fis et la recherche d&rsquo;interventions innovantes en combinant les efforts et les ressources pour renforcer les voix des personnes en situation de handicap afin de garantir les droits \u00e0 la s\u00e9curit\u00e9 alimentaire pour les personnes en situation de handicap au niveau communautaire, les r\u00f4les et responsabilit\u00e9s des OPD et des autorit\u00e9s locales dans la cr\u00e9ation de synergies, l&rsquo;investissement dans une situation de s\u00e9curit\u00e9 alimentaire inclusive pour les personnes en situation de handicap.<\/p>\n\n\n\n<p>L&rsquo;objectif strat\u00e9gique du programme \u00ab\u00a0We are Able !\u00a0\u00bb se concentre sur l&rsquo;autonomisation, l&rsquo;amplification des voix et la cr\u00e9ation de r\u00e9silience parmi les hommes, les femmes et les jeunes en situation de handicap et d&rsquo;autres groupes exclus. D&rsquo;ici 2025, en s&rsquo;engageant aupr\u00e8s des autorit\u00e9s publiques, des personnes en situation de handicap et d&rsquo;autres groupes exclus, les OPH locales r\u00e9silientes et comp\u00e9tentes parviennent \u00e0 influencer les lois, les politiques, les pratiques et les normes pour une meilleure s\u00e9curit\u00e9 alimentaire pour tous.<\/p>\n\n\n\n<p>Discutant d&rsquo;une approche bas\u00e9e sur les droits pour une s\u00e9curit\u00e9 alimentaire inclusive, le premier pan\u00e9liste, Shuaib Chalklen, directeur ex\u00e9cutif de l&rsquo;ADF, a d\u00e9clar\u00e9 : \u00ab\u00a0Il y a un manque de sensibilisation aux droits des personnes en situation de handicap, en particulier dans les pays o\u00f9 nous travaillons. Un autre d\u00e9fi majeur est le manque de donn\u00e9es. Si vous n&rsquo;\u00eates pas compt\u00e9, vous ne comptez pas. Et cela se traduit par un engagement faible ou limit\u00e9 des OPD en raison du manque de capacit\u00e9s, d&rsquo;o\u00f9 une participation moindre aux initiatives de s\u00e9curit\u00e9 alimentaire. Si nous ne savons pas combien de personnes en situation de handicap se trouvent dans une zone donn\u00e9e, ni la diversit\u00e9 ou le type de handicap, il est difficile de fournir des services ou d&rsquo;inclure les personnes en situation de handicap dans les projets ou programmes de s\u00e9curit\u00e9 alimentaire. Nous disons qu&rsquo;il ne faut laisser personne de c\u00f4t\u00e9 et la volont\u00e9 du gouvernement de s&rsquo;engager aupr\u00e8s des personnes en situation de handicap fait d\u00e9faut. Le gouvernement doit s&rsquo;engager et s&rsquo;impliquer de mani\u00e8re significative avec les personnes en situation de handicap et leurs organisations. Nous avons \u00e9galement besoin d&rsquo;une \u00e9nergie plus forte, de plus d&rsquo;informations, de plus de partenariats et d&rsquo;une collaboration plus forte.\u00a0\u00bb<\/p>\n\n\n\n<p>Esther Kyozira de NUDIPU \u00e9tait la pan\u00e9liste suivante. Elle est une personne ayant une d\u00e9ficience visuelle et est associ\u00e9e au mouvement des personnes en situation de handicap depuis 2000. \u00ab\u00a0Le r\u00f4le de NUDIPU dans ce programme est de plaider et d&rsquo;influencer les prestataires de services pour s&rsquo;assurer que les personnes en situation de handicap acc\u00e8dent au droit \u00e0 une alimentation ad\u00e9quate et au droit d&rsquo;acc\u00e8s \u00e0 la terre.\u00a0\u00bb Partageant les obstacles \u00e0 la s\u00e9curit\u00e9 alimentaire des personnes en situation de handicap, Esther Kyozira a d\u00e9clar\u00e9 : \u00ab\u00a0De nombreuses personnes en situation de handicap ne savent pas comment enregistrer leurs terres. Cela est d\u00fb au fait qu&rsquo;elles ne disposent d\u2019aucune information et que les syst\u00e8mes ne leur permettent pas de comprendre facilement le processus d&rsquo;enregistrement. Je tiens \u00e9galement \u00e0 souligner que les acteurs du secteur de la s\u00e9curit\u00e9 alimentaire sont peu sensibilis\u00e9s aux questions de handicap. En ce qui concerne le genre, la situation est plus difficile pour les femmes en situation de handicap, car elles risquent d&rsquo;\u00eatre exclues de l&rsquo;acc\u00e8s \u00e0 la terre, \u00e9tant donn\u00e9 le contexte patriarcal qui r\u00e8gne dans nos communaut\u00e9s. La s\u00e9curit\u00e9 alimentaire est un droit et elle est inscrite dans diff\u00e9rents instruments internationaux et nationaux.\u00a0\u00bb<\/p>\n\n\n\n<p>Murali Padmanabhan du Programme alimentaire mondial des Nations Unies, l&rsquo;un des pan\u00e9listes de cet \u00e9v\u00e9nement parall\u00e8le, a soulign\u00e9 l&rsquo;approche fond\u00e9e sur les droits pour une s\u00e9curit\u00e9 alimentaire inclusive et a d\u00e9clar\u00e9 : \u00ab\u00a0Les personnes en situation de handicap sont touch\u00e9es diff\u00e9remment des autres lorsqu&rsquo;elles sont en situation d&rsquo;ins\u00e9curit\u00e9 alimentaire. Le handicap n&rsquo;est pas un \u00e9l\u00e9ment isol\u00e9, c&rsquo;est une intersection &#8211; qu&rsquo;il s&rsquo;agisse du genre, de l&rsquo;\u00e2ge, de l&rsquo;ethnicit\u00e9, de la race. Partout, nous trouverons le handicap comme une intersectionnalit\u00e9. Il y a trois probl\u00e8mes majeurs qui entra\u00eenent l&rsquo;ins\u00e9curit\u00e9 alimentaire : les conflits, le changement climatique et la pand\u00e9mie de Covid-19 de ces derni\u00e8res ann\u00e9es.\u00a0\u00bb<\/p>\n\n\n\n<p>Le Dr Polepole Tshomba, SDU-KIVU du Minist\u00e8re provincial de la Sant\u00e9 (MoH) &#8211; R\u00e9publique D\u00e9mocratique du Congo, a d\u00e9clar\u00e9 que \u00ab\u00a0la r\u00e9adaptation \u00e0 base communautaire (RBC) est la strat\u00e9gie de base que le MoH a con\u00e7ue pour les personnes vivant avec un handicap. Nous g\u00e9rons le programme RBC \u00e0 l&rsquo;\u00e9chelle nationale et \u00e0 un niveau inf\u00e9rieur, chacune des 26 provinces de la RDC a un d\u00e9partement provincial qui met en \u0153uvre le programme national RBC dans diff\u00e9rentes zones de sant\u00e9. Le projet WaA ! est mis en \u0153uvre dans deux zones de sant\u00e9 : les territoires d&rsquo;Idjwi et de Kalehe \u00e0 l&rsquo;est de la RDC\u00a0\u00bb. Il a ajout\u00e9 : \u00ab\u00a0Le projet WaA ! est \u00e0 l&rsquo;ann\u00e9e 1 de sa mise en \u0153uvre et nous montre d\u00e9j\u00e0 de bons r\u00e9sultats, en termes de partenariat respectueux, de renforcement des voix des personnes en situation de handicap afin de leur garantir un meilleur acc\u00e8s aux ressources de base qui ne laisse personne de c\u00f4t\u00e9.\u00a0\u00bb<\/p>\n\n\n\n<p>Le dernier pan\u00e9liste, Jeroen Kelderhuis, du Minist\u00e8re n\u00e9erlandais des Affaires \u00e9trang\u00e8res, a d\u00e9clar\u00e9 : \u00ab\u00a0La collaboration avec la soci\u00e9t\u00e9 civile est un \u00e9l\u00e9ment cl\u00e9 de la politique du minist\u00e8re n\u00e9erlandais. Nous aimons atteindre un consensus en incluant toutes les parties prenantes dans la prise de d\u00e9cision. Nous sommes fiers des projets ambitieux du consortium WaA ! et nous sommes fiers de les soutenir non seulement par des financements mais aussi par la diplomatie. Nos partenariats sont ax\u00e9s sur le soutien de la capacit\u00e9 de lobbying et de plaidoyer des acteurs et groupes de la soci\u00e9t\u00e9 civile, afin qu&rsquo;ils soient en mesure d&rsquo;\u00e9lever leur voix plus fortement et de servir de participants actifs dans leur soci\u00e9t\u00e9 en fa\u00e7onnant le pouvoir de d\u00e9cision qui affecte leurs droits.\u00a0\u00bb<\/p>\n\n\n\n<p>L&rsquo;\u00e9v\u00e9nement parall\u00e8le a \u00e9galement organis\u00e9 une session de questions-r\u00e9ponses \u00e0 la fin des pr\u00e9sentations des pan\u00e9listes. Plus de 220 participants se sont inscrits au webinaire, dont des membres des OPD et des personnes en situation de handicap en tant que principaux d\u00e9fenseurs \u00e0 tous les niveaux : international, r\u00e9gional, national et local.<\/p>\n\n\n\n<figure class=\"wp-container-2 wp-block-gallery-1 wp-block-gallery has-nested-images columns-4 is-cropped\">\n<figure class=\"wp-block-image size-large\"><img loading=\"lazy\" width=\"1081\" height=\"1081\" data-id=\"2170\"  src=\"https:\/\/weareable.ngo\/wp-content\/uploads\/2022\/02\/After-We-are-able-Side-event-EN-1.png\" alt=\"\" class=\"wp-image-2170\" srcset=\"https:\/\/weareable.ngo\/wp-content\/uploads\/2022\/02\/After-We-are-able-Side-event-EN-1.png 1081w, https:\/\/weareable.ngo\/wp-content\/uploads\/2022\/02\/After-We-are-able-Side-event-EN-1-300x300.png 300w, https:\/\/weareable.ngo\/wp-content\/uploads\/2022\/02\/After-We-are-able-Side-event-EN-1-1024x1024.png 1024w, https:\/\/weareable.ngo\/wp-content\/uploads\/2022\/02\/After-We-are-able-Side-event-EN-1-150x150.png 150w, https:\/\/weareable.ngo\/wp-content\/uploads\/2022\/02\/After-We-are-able-Side-event-EN-1-768x768.png 768w\" sizes=\"(max-width: 1081px) 100vw, 1081px\" \/><\/figure>\n\n\n\n<figure class=\"wp-block-image size-large\"><img loading=\"lazy\" width=\"1081\" height=\"1080\" data-id=\"2173\"  src=\"https:\/\/weareable.ngo\/wp-content\/uploads\/2022\/02\/After-We-are-able-Side-event-EN-2.png\" alt=\"\" class=\"wp-image-2173\" srcset=\"https:\/\/weareable.ngo\/wp-content\/uploads\/2022\/02\/After-We-are-able-Side-event-EN-2.png 1081w, https:\/\/weareable.ngo\/wp-content\/uploads\/2022\/02\/After-We-are-able-Side-event-EN-2-300x300.png 300w, https:\/\/weareable.ngo\/wp-content\/uploads\/2022\/02\/After-We-are-able-Side-event-EN-2-1024x1024.png 1024w, https:\/\/weareable.ngo\/wp-content\/uploads\/2022\/02\/After-We-are-able-Side-event-EN-2-150x150.png 150w, https:\/\/weareable.ngo\/wp-content\/uploads\/2022\/02\/After-We-are-able-Side-event-EN-2-768x767.png 768w\" sizes=\"(max-width: 1081px) 100vw, 1081px\" \/><\/figure>\n\n\n\n<figure class=\"wp-block-image size-large\"><img loading=\"lazy\" width=\"1081\" height=\"1081\" data-id=\"2176\"  src=\"https:\/\/weareable.ngo\/wp-content\/uploads\/2022\/02\/After-We-are-able-Side-event-EN-3.png\" alt=\"\" class=\"wp-image-2176\" srcset=\"https:\/\/weareable.ngo\/wp-content\/uploads\/2022\/02\/After-We-are-able-Side-event-EN-3.png 1081w, https:\/\/weareable.ngo\/wp-content\/uploads\/2022\/02\/After-We-are-able-Side-event-EN-3-300x300.png 300w, https:\/\/weareable.ngo\/wp-content\/uploads\/2022\/02\/After-We-are-able-Side-event-EN-3-1024x1024.png 1024w, https:\/\/weareable.ngo\/wp-content\/uploads\/2022\/02\/After-We-are-able-Side-event-EN-3-150x150.png 150w, https:\/\/weareable.ngo\/wp-content\/uploads\/2022\/02\/After-We-are-able-Side-event-EN-3-768x768.png 768w\" sizes=\"(max-width: 1081px) 100vw, 1081px\" \/><\/figure>\n\n\n\n<figure class=\"wp-block-image size-large\"><img loading=\"lazy\" width=\"1081\" height=\"1081\" data-id=\"2179\"  src=\"https:\/\/weareable.ngo\/wp-content\/uploads\/2022\/02\/After-We-are-able-Side-event-EN-4.png\" alt=\"\" class=\"wp-image-2179\" srcset=\"https:\/\/weareable.ngo\/wp-content\/uploads\/2022\/02\/After-We-are-able-Side-event-EN-4.png 1081w, https:\/\/weareable.ngo\/wp-content\/uploads\/2022\/02\/After-We-are-able-Side-event-EN-4-300x300.png 300w, https:\/\/weareable.ngo\/wp-content\/uploads\/2022\/02\/After-We-are-able-Side-event-EN-4-1024x1024.png 1024w, https:\/\/weareable.ngo\/wp-content\/uploads\/2022\/02\/After-We-are-able-Side-event-EN-4-150x150.png 150w, https:\/\/weareable.ngo\/wp-content\/uploads\/2022\/02\/After-We-are-able-Side-event-EN-4-768x768.png 768w\" sizes=\"(max-width: 1081px) 100vw, 1081px\" \/><\/figure>\n<\/figure>\n","protected":false},"excerpt":{"rendered":"<p>Regardez l&rsquo;enregistrement de l&rsquo;\u00e9v\u00e9nement ici: https:\/\/bit.ly\/3IWhaZD Le deuxi\u00e8me Sommet mondial des personnes handicap\u00e9es, organis\u00e9 conjointement par l&rsquo;Alliance internationale pour les personnes en situation de handicap, le gouvernement de la Norv\u00e8ge et le gouvernement du Ghana, s&rsquo;est d\u00e9roul\u00e9 virtuellement du 16 au 17 f\u00e9vrier 2022. De la sensibilisation mondiale au renforcement des capacit\u00e9s des organisations de personnes en situation de handicap, en passant par la mobilisation et le ciblage d&rsquo;engagements concrets en mati\u00e8re d&rsquo;inclusion du handicap et de d\u00e9veloppement inclusif, et la pr\u00e9sentation des meilleures pratiques et des preuves du monde entier en mati\u00e8re de d\u00e9veloppement inclusif du handicap, le Sommet\u2026<\/p>\n","protected":false},"author":3,"featured_media":2084,"comment_status":"open","ping_status":"open","sticky":false,"template":"","format":"standard","meta":[],"categories":[27],"tags":[],"blocksy_meta":{"styles_descriptor":{"styles":{"desktop":"","tablet":"","mobile":""},"google_fonts":[],"version":5}},"acf":[],"featured_image_urls":{"full":["https:\/\/weareable.ngo\/wp-content\/uploads\/2022\/02\/02.07_REVISED_Flyer-WaA-GDS2022_white-final.jpg",1280,720,false],"thumbnail":["https:\/\/weareable.ngo\/wp-content\/uploads\/2022\/02\/02.07_REVISED_Flyer-WaA-GDS2022_white-final-150x150.jpg",150,150,true],"medium":["https:\/\/weareable.ngo\/wp-content\/uploads\/2022\/02\/02.07_REVISED_Flyer-WaA-GDS2022_white-final-300x169.jpg",300,169,true],"medium_large":["https:\/\/weareable.ngo\/wp-content\/uploads\/2022\/02\/02.07_REVISED_Flyer-WaA-GDS2022_white-final-768x432.jpg",768,432,true],"large":["https:\/\/weareable.ngo\/wp-content\/uploads\/2022\/02\/02.07_REVISED_Flyer-WaA-GDS2022_white-final-1024x576.jpg",1024,576,true],"1536x1536":["https:\/\/weareable.ngo\/wp-content\/uploads\/2022\/02\/02.07_REVISED_Flyer-WaA-GDS2022_white-final.jpg",1280,720,false],"2048x2048":["https:\/\/weareable.ngo\/wp-content\/uploads\/2022\/02\/02.07_REVISED_Flyer-WaA-GDS2022_white-final.jpg",1280,720,false]},"post_excerpt_stackable":"<p>Regardez l&rsquo;enregistrement de l&rsquo;\u00e9v\u00e9nement ici: https:\/\/bit.ly\/3IWhaZD Le deuxi\u00e8me Sommet mondial des personnes handicap\u00e9es, organis\u00e9 conjointement par l&rsquo;Alliance internationale pour les personnes en situation de handicap, le gouvernement de la Norv\u00e8ge et le gouvernement du Ghana, s&rsquo;est d\u00e9roul\u00e9 virtuellement du 16 au 17 f\u00e9vrier 2022. De la sensibilisation mondiale au renforcement des capacit\u00e9s des organisations de personnes en situation de handicap, en passant par la mobilisation et le ciblage d&rsquo;engagements concrets en mati\u00e8re d&rsquo;inclusion du handicap et de d\u00e9veloppement inclusif, et la pr\u00e9sentation des meilleures pratiques et des preuves du monde entier en mati\u00e8re de d\u00e9veloppement inclusif du handicap, le Sommet\u2026<\/p>\n","category_list":"<a href=\"https:\/\/weareable.ngo\/fr\/category\/nouvelles\/\" rel=\"category tag\">Nouvelles<\/a>","author_info":{"name":"gwoort","url":"https:\/\/weareable.ngo\/fr\/author\/gwoort\/"},"comments_num":"0 commentaire","featured_image_urls_v2":{"full":["https:\/\/weareable.ngo\/wp-content\/uploads\/2022\/02\/02.07_REVISED_Flyer-WaA-GDS2022_white-final.jpg",1280,720,false],"thumbnail":["https:\/\/weareable.ngo\/wp-content\/uploads\/2022\/02\/02.07_REVISED_Flyer-WaA-GDS2022_white-final-150x150.jpg",150,150,true],"medium":["https:\/\/weareable.ngo\/wp-content\/uploads\/2022\/02\/02.07_REVISED_Flyer-WaA-GDS2022_white-final-300x169.jpg",300,169,true],"medium_large":["https:\/\/weareable.ngo\/wp-content\/uploads\/2022\/02\/02.07_REVISED_Flyer-WaA-GDS2022_white-final-768x432.jpg",768,432,true],"large":["https:\/\/weareable.ngo\/wp-content\/uploads\/2022\/02\/02.07_REVISED_Flyer-WaA-GDS2022_white-final-1024x576.jpg",1024,576,true],"1536x1536":["https:\/\/weareable.ngo\/wp-content\/uploads\/2022\/02\/02.07_REVISED_Flyer-WaA-GDS2022_white-final.jpg",1280,720,false],"2048x2048":["https:\/\/weareable.ngo\/wp-content\/uploads\/2022\/02\/02.07_REVISED_Flyer-WaA-GDS2022_white-final.jpg",1280,720,false]},"post_excerpt_stackable_v2":"<p>Regardez l&rsquo;enregistrement de l&rsquo;\u00e9v\u00e9nement ici: https:\/\/bit.ly\/3IWhaZD Le deuxi\u00e8me Sommet mondial des personnes handicap\u00e9es, organis\u00e9 conjointement par l&rsquo;Alliance internationale pour les personnes en situation de handicap, le gouvernement de la Norv\u00e8ge et le gouvernement du Ghana, s&rsquo;est d\u00e9roul\u00e9 virtuellement du 16 au 17 f\u00e9vrier 2022. De la sensibilisation mondiale au renforcement des capacit\u00e9s des organisations de personnes en situation de handicap, en passant par la mobilisation et le ciblage d&rsquo;engagements concrets en mati\u00e8re d&rsquo;inclusion du handicap et de d\u00e9veloppement inclusif, et la pr\u00e9sentation des meilleures pratiques et des preuves du monde entier en mati\u00e8re de d\u00e9veloppement inclusif du handicap, le Sommet\u2026<\/p>\n","category_list_v2":"<a href=\"https:\/\/weareable.ngo\/fr\/category\/nouvelles\/\" rel=\"category tag\">Nouvelles<\/a>","author_info_v2":{"name":"gwoort","url":"https:\/\/weareable.ngo\/fr\/author\/gwoort\/"},"comments_num_v2":"0 commentaire","yoast_head":"<!-- This site is optimized with the Yoast SEO plugin v19.1 - https:\/\/yoast.com\/wordpress\/plugins\/seo\/ -->\n<title>We are Able! Are YOU able too? - We are able<\/title>\n<meta name=\"robots\" content=\"index, follow, max-snippet:-1, max-image-preview:large, max-video-preview:-1\" \/>\n<link rel=\"canonical\" href=\"https:\/\/weareable.ngo\/fr\/nouvelles\/we-are-able-are-you-able-too\/\" \/>\n<meta property=\"og:locale\" content=\"fr_FR\" \/>\n<meta property=\"og:type\" content=\"article\" \/>\n<meta property=\"og:title\" content=\"We are Able! Are YOU able too? - We are able\" \/>\n<meta property=\"og:description\" content=\"Regardez l&rsquo;enregistrement de l&rsquo;\u00e9v\u00e9nement ici: https:\/\/bit.ly\/3IWhaZD Le deuxi\u00e8me Sommet mondial des personnes handicap\u00e9es, organis\u00e9 conjointement par l&rsquo;Alliance internationale pour les personnes en situation de handicap, le gouvernement de la Norv\u00e8ge et le gouvernement du Ghana, s&rsquo;est d\u00e9roul\u00e9 virtuellement du 16 au 17 f\u00e9vrier 2022. De la sensibilisation mondiale au renforcement des capacit\u00e9s des organisations de personnes en situation de handicap, en passant par la mobilisation et le ciblage d&rsquo;engagements concrets en mati\u00e8re d&rsquo;inclusion du handicap et de d\u00e9veloppement inclusif, et la pr\u00e9sentation des meilleures pratiques et des preuves du monde entier en mati\u00e8re de d\u00e9veloppement inclusif du handicap, le Sommet\u2026\" \/>\n<meta property=\"og:url\" content=\"https:\/\/weareable.ngo\/fr\/nouvelles\/we-are-able-are-you-able-too\/\" \/>\n<meta property=\"og:site_name\" content=\"We are able\" \/>\n<meta property=\"article:published_time\" content=\"2022-02-28T13:50:02+00:00\" \/>\n<meta property=\"article:modified_time\" content=\"2022-03-09T11:19:54+00:00\" \/>\n<meta property=\"og:image\" content=\"https:\/\/weareable.ngo\/wp-content\/uploads\/2022\/02\/02.07_REVISED_Flyer-WaA-GDS2022_white-final.jpg\" \/>\n\t<meta property=\"og:image:width\" content=\"1280\" \/>\n\t<meta property=\"og:image:height\" content=\"720\" \/>\n\t<meta property=\"og:image:type\" content=\"image\/jpeg\" \/>\n<meta name=\"twitter:card\" content=\"summary_large_image\" \/>\n<meta name=\"twitter:label1\" content=\"\u00c9crit par\" \/>\n\t<meta name=\"twitter:data1\" content=\"gwoort\" \/>\n\t<meta name=\"twitter:label2\" content=\"Dur\u00e9e de lecture estim\u00e9e\" \/>\n\t<meta name=\"twitter:data2\" content=\"7 minutes\" \/>\n<script type=\"application\/ld+json\" class=\"yoast-schema-graph\">{\"@context\":\"https:\/\/schema.org\",\"@graph\":[{\"@type\":\"WebSite\",\"@id\":\"https:\/\/weareable.ngo\/#website\",\"url\":\"https:\/\/weareable.ngo\/\",\"name\":\"We are able\",\"description\":\"\",\"potentialAction\":[{\"@type\":\"SearchAction\",\"target\":{\"@type\":\"EntryPoint\",\"urlTemplate\":\"https:\/\/weareable.ngo\/?s={search_term_string}\"},\"query-input\":\"required name=search_term_string\"}],\"inLanguage\":\"fr-FR\"},{\"@type\":\"ImageObject\",\"inLanguage\":\"fr-FR\",\"@id\":\"https:\/\/weareable.ngo\/fr\/nouvelles\/we-are-able-are-you-able-too\/#primaryimage\",\"url\":\"https:\/\/weareable.ngo\/wp-content\/uploads\/2022\/02\/02.07_REVISED_Flyer-WaA-GDS2022_white-final.jpg\",\"contentUrl\":\"https:\/\/weareable.ngo\/wp-content\/uploads\/2022\/02\/02.07_REVISED_Flyer-WaA-GDS2022_white-final.jpg\",\"width\":1280,\"height\":720,\"caption\":\"A graphic on the Global Disability Summit Side Event with pictures of the six panelists from various organisations. There is also an image of two school girls communicating using sign language.\"},{\"@type\":\"WebPage\",\"@id\":\"https:\/\/weareable.ngo\/fr\/nouvelles\/we-are-able-are-you-able-too\/#webpage\",\"url\":\"https:\/\/weareable.ngo\/fr\/nouvelles\/we-are-able-are-you-able-too\/\",\"name\":\"We are Able! Are YOU able too? - We are able\",\"isPartOf\":{\"@id\":\"https:\/\/weareable.ngo\/#website\"},\"primaryImageOfPage\":{\"@id\":\"https:\/\/weareable.ngo\/fr\/nouvelles\/we-are-able-are-you-able-too\/#primaryimage\"},\"datePublished\":\"2022-02-28T13:50:02+00:00\",\"dateModified\":\"2022-03-09T11:19:54+00:00\",\"author\":{\"@id\":\"https:\/\/weareable.ngo\/#\/schema\/person\/ccfa780ed482d649719545ba492c2b3f\"},\"breadcrumb\":{\"@id\":\"https:\/\/weareable.ngo\/fr\/nouvelles\/we-are-able-are-you-able-too\/#breadcrumb\"},\"inLanguage\":\"fr-FR\",\"potentialAction\":[{\"@type\":\"ReadAction\",\"target\":[\"https:\/\/weareable.ngo\/fr\/nouvelles\/we-are-able-are-you-able-too\/\"]}]},{\"@type\":\"BreadcrumbList\",\"@id\":\"https:\/\/weareable.ngo\/fr\/nouvelles\/we-are-able-are-you-able-too\/#breadcrumb\",\"itemListElement\":[{\"@type\":\"ListItem\",\"position\":1,\"name\":\"Home\",\"item\":\"https:\/\/weareable.ngo\/fr\/\"},{\"@type\":\"ListItem\",\"position\":2,\"name\":\"We are Able! Are YOU able too?\"}]},{\"@type\":\"Person\",\"@id\":\"https:\/\/weareable.ngo\/#\/schema\/person\/ccfa780ed482d649719545ba492c2b3f\",\"name\":\"gwoort\",\"image\":{\"@type\":\"ImageObject\",\"inLanguage\":\"fr-FR\",\"@id\":\"https:\/\/weareable.ngo\/#\/schema\/person\/image\/\",\"url\":\"https:\/\/secure.gravatar.com\/avatar\/e111a850fb90520bca99d0469808a492?s=96&d=mm&r=g\",\"contentUrl\":\"https:\/\/secure.gravatar.com\/avatar\/e111a850fb90520bca99d0469808a492?s=96&d=mm&r=g\",\"caption\":\"gwoort\"},\"url\":\"https:\/\/weareable.ngo\/fr\/author\/gwoort\/\"}]}<\/script>\n<!-- \/ Yoast SEO plugin. -->","yoast_head_json":{"title":"We are Able! Are YOU able too? - We are able","robots":{"index":"index","follow":"follow","max-snippet":"max-snippet:-1","max-image-preview":"max-image-preview:large","max-video-preview":"max-video-preview:-1"},"canonical":"https:\/\/weareable.ngo\/fr\/nouvelles\/we-are-able-are-you-able-too\/","og_locale":"fr_FR","og_type":"article","og_title":"We are Able! Are YOU able too? - We are able","og_description":"Regardez l&rsquo;enregistrement de l&rsquo;\u00e9v\u00e9nement ici: https:\/\/bit.ly\/3IWhaZD Le deuxi\u00e8me Sommet mondial des personnes handicap\u00e9es, organis\u00e9 conjointement par l&rsquo;Alliance internationale pour les personnes en situation de handicap, le gouvernement de la Norv\u00e8ge et le gouvernement du Ghana, s&rsquo;est d\u00e9roul\u00e9 virtuellement du 16 au 17 f\u00e9vrier 2022. De la sensibilisation mondiale au renforcement des capacit\u00e9s des organisations de personnes en situation de handicap, en passant par la mobilisation et le ciblage d&rsquo;engagements concrets en mati\u00e8re d&rsquo;inclusion du handicap et de d\u00e9veloppement inclusif, et la pr\u00e9sentation des meilleures pratiques et des preuves du monde entier en mati\u00e8re de d\u00e9veloppement inclusif du handicap, le Sommet\u2026","og_url":"https:\/\/weareable.ngo\/fr\/nouvelles\/we-are-able-are-you-able-too\/","og_site_name":"We are able","article_published_time":"2022-02-28T13:50:02+00:00","article_modified_time":"2022-03-09T11:19:54+00:00","og_image":[{"width":1280,"height":720,"url":"https:\/\/weareable.ngo\/wp-content\/uploads\/2022\/02\/02.07_REVISED_Flyer-WaA-GDS2022_white-final.jpg","type":"image\/jpeg"}],"twitter_card":"summary_large_image","twitter_misc":{"\u00c9crit par":"gwoort","Dur\u00e9e de lecture estim\u00e9e":"7 minutes"},"schema":{"@context":"https:\/\/schema.org","@graph":[{"@type":"WebSite","@id":"https:\/\/weareable.ngo\/#website","url":"https:\/\/weareable.ngo\/","name":"We are able","description":"","potentialAction":[{"@type":"SearchAction","target":{"@type":"EntryPoint","urlTemplate":"https:\/\/weareable.ngo\/?s={search_term_string}"},"query-input":"required name=search_term_string"}],"inLanguage":"fr-FR"},{"@type":"ImageObject","inLanguage":"fr-FR","@id":"https:\/\/weareable.ngo\/fr\/nouvelles\/we-are-able-are-you-able-too\/#primaryimage","url":"https:\/\/weareable.ngo\/wp-content\/uploads\/2022\/02\/02.07_REVISED_Flyer-WaA-GDS2022_white-final.jpg","contentUrl":"https:\/\/weareable.ngo\/wp-content\/uploads\/2022\/02\/02.07_REVISED_Flyer-WaA-GDS2022_white-final.jpg","width":1280,"height":720,"caption":"A graphic on the Global Disability Summit Side Event with pictures of the six panelists from various organisations. There is also an image of two school girls communicating using sign language."},{"@type":"WebPage","@id":"https:\/\/weareable.ngo\/fr\/nouvelles\/we-are-able-are-you-able-too\/#webpage","url":"https:\/\/weareable.ngo\/fr\/nouvelles\/we-are-able-are-you-able-too\/","name":"We are Able! Are YOU able too? - We are able","isPartOf":{"@id":"https:\/\/weareable.ngo\/#website"},"primaryImageOfPage":{"@id":"https:\/\/weareable.ngo\/fr\/nouvelles\/we-are-able-are-you-able-too\/#primaryimage"},"datePublished":"2022-02-28T13:50:02+00:00","dateModified":"2022-03-09T11:19:54+00:00","author":{"@id":"https:\/\/weareable.ngo\/#\/schema\/person\/ccfa780ed482d649719545ba492c2b3f"},"breadcrumb":{"@id":"https:\/\/weareable.ngo\/fr\/nouvelles\/we-are-able-are-you-able-too\/#breadcrumb"},"inLanguage":"fr-FR","potentialAction":[{"@type":"ReadAction","target":["https:\/\/weareable.ngo\/fr\/nouvelles\/we-are-able-are-you-able-too\/"]}]},{"@type":"BreadcrumbList","@id":"https:\/\/weareable.ngo\/fr\/nouvelles\/we-are-able-are-you-able-too\/#breadcrumb","itemListElement":[{"@type":"ListItem","position":1,"name":"Home","item":"https:\/\/weareable.ngo\/fr\/"},{"@type":"ListItem","position":2,"name":"We are Able! Are YOU able too?"}]},{"@type":"Person","@id":"https:\/\/weareable.ngo\/#\/schema\/person\/ccfa780ed482d649719545ba492c2b3f","name":"gwoort","image":{"@type":"ImageObject","inLanguage":"fr-FR","@id":"https:\/\/weareable.ngo\/#\/schema\/person\/image\/","url":"https:\/\/secure.gravatar.com\/avatar\/e111a850fb90520bca99d0469808a492?s=96&d=mm&r=g","contentUrl":"https:\/\/secure.gravatar.com\/avatar\/e111a850fb90520bca99d0469808a492?s=96&d=mm&r=g","caption":"gwoort"},"url":"https:\/\/weareable.ngo\/fr\/author\/gwoort\/"}]}},"_links":{"self":[{"href":"https:\/\/weareable.ngo\/fr\/wp-json\/wp\/v2\/posts\/2140"}],"collection":[{"href":"https:\/\/weareable.ngo\/fr\/wp-json\/wp\/v2\/posts"}],"about":[{"href":"https:\/\/weareable.ngo\/fr\/wp-json\/wp\/v2\/types\/post"}],"author":[{"embeddable":true,"href":"https:\/\/weareable.ngo\/fr\/wp-json\/wp\/v2\/users\/3"}],"replies":[{"embeddable":true,"href":"https:\/\/weareable.ngo\/fr\/wp-json\/wp\/v2\/comments?post=2140"}],"version-history":[{"count":4,"href":"https:\/\/weareable.ngo\/fr\/wp-json\/wp\/v2\/posts\/2140\/revisions"}],"predecessor-version":[{"id":2183,"href":"https:\/\/weareable.ngo\/fr\/wp-json\/wp\/v2\/posts\/2140\/revisions\/2183"}],"wp:featuredmedia":[{"embeddable":true,"href":"https:\/\/weareable.ngo\/fr\/wp-json\/wp\/v2\/media\/2084"}],"wp:attachment":[{"href":"https:\/\/weareable.ngo\/fr\/wp-json\/wp\/v2\/media?parent=2140"}],"wp:term":[{"taxonomy":"category","embeddable":true,"href":"https:\/\/weareable.ngo\/fr\/wp-json\/wp\/v2\/categories?post=2140"},{"taxonomy":"post_tag","embeddable":true,"href":"https:\/\/weareable.ngo\/fr\/wp-json\/wp\/v2\/tags?post=2140"}],"curies":[{"name":"wp","href":"https:\/\/api.w.org\/{rel}","templated":true}]}}